{"id":83,"date":"2024-10-22T17:47:51","date_gmt":"2024-10-22T15:47:51","guid":{"rendered":"http:\/\/leslocales.fr\/?p=83"},"modified":"2024-10-30T18:34:02","modified_gmt":"2024-10-30T17:34:02","slug":"mobilisation-contre-la-baisse-du-fser-on-maintient-la-pression","status":"publish","type":"post","link":"https:\/\/leslocales.fr\/index.php\/2024\/10\/22\/mobilisation-contre-la-baisse-du-fser-on-maintient-la-pression\/","title":{"rendered":"Mobilisation contre la baisse du FSER : on maintient la pression !"},"content":{"rendered":"\n<p>La CNRA et le SNRL ont pu rencontrer ce vendredi 18 octobre 2024, Madame la\u00a0<strong>Ministre de la Culture, Rachida Dat<\/strong>i, qui s\u2019est dite\u00a0<strong>tr\u00e8s attentive \u00e0 la situation des radios associatives.<\/strong><\/p>\n\n\n\n<figure class=\"wp-block-image aligncenter size-large is-resized\"><img loading=\"lazy\" decoding=\"async\" width=\"962\" height=\"1024\" src=\"https:\/\/leslocales.fr\/wp-content\/uploads\/2024\/10\/ba61049e-c809-22c9-f2e3-c4f06784065f-962x1024.jpg\" alt=\"\" class=\"wp-image-84\" style=\"width:384px;height:auto\" srcset=\"https:\/\/leslocales.fr\/wp-content\/uploads\/2024\/10\/ba61049e-c809-22c9-f2e3-c4f06784065f-962x1024.jpg 962w, https:\/\/leslocales.fr\/wp-content\/uploads\/2024\/10\/ba61049e-c809-22c9-f2e3-c4f06784065f-282x300.jpg 282w, https:\/\/leslocales.fr\/wp-content\/uploads\/2024\/10\/ba61049e-c809-22c9-f2e3-c4f06784065f-768x818.jpg 768w, https:\/\/leslocales.fr\/wp-content\/uploads\/2024\/10\/ba61049e-c809-22c9-f2e3-c4f06784065f.jpg 1080w\" sizes=\"auto, (max-width: 962px) 100vw, 962px\" \/><\/figure>\n\n\n\n<p>Cependant, il nous faut&nbsp;<strong>maintenir la pression<\/strong>&nbsp;pour que l\u2019ensemble des parlementaires prenne conscience des dangers que repr\u00e9sente cette baisse pour l\u2019avenir de nos radios.<br>\u00c0 l\u2019heure actuelle,&nbsp;<strong>plusieurs amendements, provenant de divers groupes politiques, ont \u00e9t\u00e9 d\u00e9pos\u00e9s \u00e0 l\u2019Assembl\u00e9e nationale pour r\u00e9tablir les cr\u00e9dits du FSER<\/strong>&nbsp;\u00e0 la hauteur de l\u2019ann\u00e9e 2024, voire m\u00eame pour obtenir une augmentation de ces cr\u00e9dits, comme le demandent la CNRA et le SNRL. Il nous faut donc continuer notre mobilisation pour que ces amendements soient largement adopt\u00e9s. Dans ce sens, nos organisations,&nbsp;<strong>la CNRA et le SNRL<\/strong>, seront re\u00e7ues ce&nbsp;<strong>mardi 22 octobre par Monsieur Denis Masseglia,<\/strong>&nbsp;rapporteur sp\u00e9cial pour la mission \u201cm\u00e9dias, livres et industrie culturelle\u201d pour la Commission des Finances. Nous serons \u00e9galement re\u00e7us le<strong>&nbsp;mardi 5 novembre par Monsieur Michel Laugier<\/strong>, s\u00e9nateur rapporteur pour avis des cr\u00e9dits relatifs \u00e0 la presse pour la Commission de la Culture, de l\u2019\u00c9ducation et de la Communication du S\u00e9nat.<\/p>\n\n\n\n<p>Vous l\u2019aurez compris, rien n\u2019est gagn\u00e9 : il nous faut&nbsp;<strong>maintenir la pression jusqu\u2019au vote final du Projet de loi de finances 2025&nbsp;<\/strong>pour faire annuler cette baisse mortif\u00e8re pour nos radios.<\/p>\n\n\n\n<blockquote class=\"wp-block-quote is-layout-flow wp-block-quote-is-layout-flow\">\n<p>\ud83d\udcc6 Nous vous proposons de faire le point ensemble en\u00a0<strong>visioconf\u00e9rence<\/strong>, ce\u00a0<strong>jeudi 24 octobre 2024\u00a0\u00e0 18h :<\/strong><br>Nous contacter pour obtenir le lien de connexion : contact [chez] cnra.eu<\/p>\n<\/blockquote>\n\n\n\n<p>Pour&nbsp;<strong>continuer d\u2019informer et de sensibiliser vos auditeurs et auditrices, vos partenaires et les acteurs de vos territoires,&nbsp;<\/strong>nous vous proposons de diffuser une interview intitul\u00e9e :<br><strong>\u201cPLF 2025 : QUI VEUT LA MORT DES RADIOS ASSOCIATIVES ?\u201d<\/strong>&nbsp;r\u00e9alis\u00e9e ce vendredi par&nbsp;<strong>Francis Guillerault de Radio Sensations<\/strong>&nbsp;avec&nbsp;<strong>Jean-Marc Courr\u00e8ges-C\u00e9nac, co-pr\u00e9sident de la CNRA et des Locales<\/strong>, et&nbsp;<strong>Christophe Betbeder, d\u00e9l\u00e9gu\u00e9 g\u00e9n\u00e9ral du Syndicat National des Radios Libres (SNRL)<\/strong>.<\/p>\n\n\n\n<p>Nous remercions\u00a0<a href=\"https:\/\/www.broadcast-associes.com\/\" data-type=\"link\" data-id=\"https:\/\/www.broadcast-associes.com\/\" target=\"_blank\" rel=\"noreferrer noopener\"><strong>Broadcast-Associ\u00e9s<\/strong><\/a>\u00a0de nous avoir permis de r\u00e9aliser cette \u00e9mission !<br><strong>Dur\u00e9e : 30 min 35<\/strong><br>Plusieurs formats\u00a0<strong>audio \u00e0 t\u00e9l\u00e9charger et diffuser sur vos antennes :<\/strong><br><a href=\"https:\/\/leslocales.fr\/wp-content\/uploads\/2024\/10\/Les-locales-CNRA-SNRL-PAD-18102024-Radio-Edit.mp3\">Audio MP3<\/a><br><a href=\"https:\/\/leslocales.fr\/wp-content\/uploads\/2024\/10\/Les-locales-CNRA-SNRL-PAD-18102024-Radio-Edit.wav\">Audio WAV<br><\/a>Une<strong>\u00a0vid\u00e9o \u00e0 diffuser sur vos r\u00e9seaux sociaux : <\/strong><a href=\"https:\/\/cnra.us5.list-manage.com\/track\/click?u=15379533acc668e64ca9420e8&amp;id=9c3cb282d4&amp;e=ea16455486\">https:\/\/www.youtube.com\/watch?v=kHldF7i145M<\/a><br>Cet entretien, qui se veut p\u00e9dagogique pour nos auditeurs et auditrices, permet de mieux comprendre les enjeux de cette lutte contre la baisse du FSER.<\/p>\n\n\n\n<p><strong>Retrouvez \u00e9galement de nouveaux visuels<\/strong>\u00a0\u00e0 t\u00e9l\u00e9charger et \u00e0 partager sans limite sur vos r\u00e9seaux sociaux avec les hashtags #radiosassociativesendanger et #touchepaslaradiodemonterritoire.<br><a href=\"https:\/\/leslocales.fr\/wp-content\/uploads\/2024\/10\/illustrations-2.zip\">T\u00e9l\u00e9charger les visuels<\/a><\/p>\n\n\n\n<hr class=\"wp-block-separator has-alpha-channel-opacity\"\/>\n\n\n\n<p>Par ailleurs, nous vous incitons \u00e0 c<strong>ontinuer la mobilisation localement, \u00e0 cr\u00e9er du contenu et \u00e0 le diffuser pour nous faire entendre.<\/strong>&nbsp;Voici quelques id\u00e9es :<br>\u2013 R\u00e9aliser des&nbsp;<strong>portraits de b\u00e9n\u00e9voles, partenaires et acteurs du territoire<\/strong>&nbsp;attach\u00e9s \u00e0 votre radio pour d\u00e9montrer son importance localement.<br><em>Vous pouvez leur proposer de r\u00e9pondre \u00e0 la question suivante par exemple : \u201cEn quoi notre radio locale contribue-t-elle \u00e0 la visibilit\u00e9 et au rayonnement de vos activit\u00e9s sur notre&nbsp;territoire&nbsp;?\u201d<\/em><\/p>\n\n\n\n<p>\u2013 De nombreuses&nbsp;<strong>personnalit\u00e9s m\u00e9diatiques<\/strong>&nbsp;ont d\u00e9but\u00e9 et se sont form\u00e9es en radio associative, n\u2019h\u00e9sitez donc pas \u00e0 les solliciter pour leur demander de r\u00e9affirmer publiquement leur soutien.<br><em>Vous pouvez leur proposer de r\u00e9pondre \u00e0 la question suivante par exemple : \u201cVous avez commenc\u00e9 votre carri\u00e8re en radio associative, une exp\u00e9rience qui a probablement marqu\u00e9 votre parcours. Que diriez-vous \u00e0 ceux qui pourraient sous-estimer l\u2019importance des radios associatives, surtout \u00e0 l\u2019heure o\u00f9 leurs dotations sont menac\u00e9es et leur avenir incertain ?\u201d<\/em><\/p>\n\n\n\n<p>\u2013&nbsp;<strong>Organiser tout type d\u2019\u00e9v\u00e9nements locaux<\/strong>&nbsp;: concerts, lotos, bals, plateaux ext\u00e9rieurs, etc., afin de faire parler de la situation p\u00e9rilleuse de nos radios associatives.&nbsp;<em>N\u2019h\u00e9sitez pas \u00e0 nous faire connaitre ces \u00e9v\u00e9nement via nos adresses :&nbsp;<a href=\"mailto:contact@cnra.eu\">contact@cnra.eu<\/a>&nbsp;\/&nbsp;<a href=\"mailto:contact@snrl.fr\">contact@snrl.fr<\/a>.<\/em><\/p>\n\n\n\n<blockquote class=\"wp-block-quote is-layout-flow wp-block-quote-is-layout-flow\">\n<p><strong>Mobilisez-vous, partagez, faites du bruit pour d\u00e9fendre notre place essentielle dans la d\u00e9mocratie !<\/strong><br><strong>Ensemble, faisons entendre nos voix et luttons pour le maintien de ce financement vital pour nos radios associatives.<\/strong><br><strong>La lutte continue !<\/strong><\/p>\n<\/blockquote>\n\n\n\n<p><\/p>\n","protected":false},"excerpt":{"rendered":"<p>La CNRA et le SNRL ont pu rencontrer ce vendredi 18 octobre 2024, Madame la\u00a0Ministre de la Culture, Rachida Dati,<\/p>\n","protected":false},"author":1,"featured_media":87,"comment_status":"closed","ping_status":"closed","sticky":false,"template":"","format":"standard","meta":{"colormag_page_container_layout":"default_layout","colormag_page_sidebar_layout":"default_layout","footnotes":""},"categories":[4,5,6],"tags":[],"class_list":["post-83","post","type-post","status-publish","format-standard","has-post-thumbnail","hentry","category-a-la-une","category-actualites","category-financements"],"_links":{"self":[{"href":"https:\/\/leslocales.fr\/index.php\/wp-json\/wp\/v2\/posts\/83","targetHints":{"allow":["GET"]}}],"collection":[{"href":"https:\/\/leslocales.fr\/index.php\/wp-json\/wp\/v2\/posts"}],"about":[{"href":"https:\/\/leslocales.fr\/index.php\/wp-json\/wp\/v2\/types\/post"}],"author":[{"embeddable":true,"href":"https:\/\/leslocales.fr\/index.php\/wp-json\/wp\/v2\/users\/1"}],"replies":[{"embeddable":true,"href":"https:\/\/leslocales.fr\/index.php\/wp-json\/wp\/v2\/comments?post=83"}],"version-history":[{"count":1,"href":"https:\/\/leslocales.fr\/index.php\/wp-json\/wp\/v2\/posts\/83\/revisions"}],"predecessor-version":[{"id":89,"href":"https:\/\/leslocales.fr\/index.php\/wp-json\/wp\/v2\/posts\/83\/revisions\/89"}],"wp:featuredmedia":[{"embeddable":true,"href":"https:\/\/leslocales.fr\/index.php\/wp-json\/wp\/v2\/media\/87"}],"wp:attachment":[{"href":"https:\/\/leslocales.fr\/index.php\/wp-json\/wp\/v2\/media?parent=83"}],"wp:term":[{"taxonomy":"category","embeddable":true,"href":"https:\/\/leslocales.fr\/index.php\/wp-json\/wp\/v2\/categories?post=83"},{"taxonomy":"post_tag","embeddable":true,"href":"https:\/\/leslocales.fr\/index.php\/wp-json\/wp\/v2\/tags?post=83"}],"curies":[{"name":"wp","href":"https:\/\/api.w.org\/{rel}","templated":true}]}}