{"id":256,"date":"2026-01-22T11:14:47","date_gmt":"2026-01-22T10:14:47","guid":{"rendered":"https:\/\/leslocales.fr\/?p=256"},"modified":"2026-01-22T11:14:47","modified_gmt":"2026-01-22T10:14:47","slug":"communique-marche-publicitaire-soutien-aux-radios-privees-commerciales","status":"publish","type":"post","link":"https:\/\/leslocales.fr\/index.php\/2026\/01\/22\/communique-marche-publicitaire-soutien-aux-radios-privees-commerciales\/","title":{"rendered":"Communiqu\u00e9 : March\u00e9 publicitaire : soutien aux radios priv\u00e9es commerciales"},"content":{"rendered":"\n<p><strong>L\u2019Association Les Locales (CNRA et SNRL)<\/strong>, repr\u00e9sentant les radios associatives fran\u00e7aises, exprime son <strong>plein soutien aux radios priv\u00e9es commerciales<\/strong> face aux demandes r\u00e9p\u00e9t\u00e9es d\u2019assouplissement de la r\u00e9glementation publicitaire formul\u00e9es par plusieurs cha\u00eenes de t\u00e9l\u00e9vision.<\/p>\n\n\n\n<p>La r\u00e9cente condamnation d\u2019une enseigne de hard-discount pour diffusion de publicit\u00e9s promotionnelles \u00e0 la t\u00e9l\u00e9vision a servi de pr\u00e9texte \u00e0 une nouvelle offensive en faveur d\u2019une d\u00e9r\u00e9gulation du cadre publicitaire. Cet \u00e9pisode r\u00e9v\u00e8le surtout une tension ancienne : certains acteurs audiovisuels souhaitent \u00e9tendre leurs marges de man\u0153uvre, au risque de fragiliser davantage un \u00e9cosyst\u00e8me m\u00e9diatique d\u00e9j\u00e0 sous pression.<\/p>\n\n\n\n<p>Depuis des ann\u00e9es, tous les m\u00e9dias fran\u00e7ais subissent une <strong>concurrence profond\u00e9ment d\u00e9s\u00e9quilibr\u00e9e de la part des plateformes num\u00e9riques<\/strong> <strong>et des g\u00e9ants internationaux<\/strong>. Ces acteurs captent l\u2019essentiel de l\u2019attention, des audiences et des revenus publicitaires, sans \u00eatre soumis aux m\u00eames obligations r\u00e9glementaires, fiscales ou culturelles que les m\u00e9dias nationaux.<\/p>\n\n\n\n<p>Parall\u00e8lement, plusieurs secteurs \u00e9conomiques ont d\u00e9j\u00e0 obtenu des ouvertures publicitaires \u00e0 la t\u00e9l\u00e9vision, notamment la distribution hors promotion, le cin\u00e9ma ou l\u2019\u00e9dition litt\u00e9raire, autrefois r\u00e9serv\u00e9es \u00e0 la radio ou \u00e0 la presse \u00e9crite. <strong>Chaque assouplissement a renforc\u00e9 la concentration des ressources publicitaires<\/strong> au profit de quelques acteurs dominants, au d\u00e9triment de la pluralit\u00e9 des m\u00e9dias et de l\u2019\u00e9quilibre des march\u00e9s.<\/p>\n\n\n\n<p><strong>Une nouvelle d\u00e9r\u00e9gulation accentuerait encore cette concentration et fragiliserait en priorit\u00e9 les acteurs les plus expos\u00e9s <\/strong>: la presse \u00e9crite, les radios priv\u00e9es et, tout particuli\u00e8rement, les radios locales et r\u00e9gionales ind\u00e9pendantes de cat\u00e9gorie B. Implant\u00e9es dans les territoires, \u00e9loign\u00e9es des grands groupes int\u00e9gr\u00e9s, ces radios n\u2019ont ni les moyens financiers ni les relais industriels pour absorber un nouveau choc \u00e9conomique sans cons\u00e9quences lourdes sur l\u2019emploi, la qualit\u00e9 des programmes notamment d\u2019information et le lien avec les publics locaux.<\/p>\n\n\n\n<p><strong>Cette fragilisation serait d\u2019autant plus pr\u00e9occupante que le secteur radiophonique traverse d\u00e9j\u00e0 une crise structurelle et doit affronter des d\u00e9fis industriels majeurs, au premier rang desquels la transition vers le DAB+.<\/strong><\/p>\n\n\n\n<p><em>Les radios associatives, m\u00eame si elles ne sont pas directement concern\u00e9es par ces \u00e9volutions r\u00e9glementaires, ne peuvent rester spectatrices d\u2019un affaiblissement progressif du paysage radiophonique. Les Locales tiennent \u00e0 affirmer leur solidarit\u00e9 avec les radios priv\u00e9es ind\u00e9pendantes dans la d\u00e9fense d\u2019un mod\u00e8le fond\u00e9 sur la diversit\u00e9, le pluralisme et l\u2019\u00e9quilibre \u00e9conomique des m\u00e9dias fran\u00e7ais.<\/em><\/p>\n","protected":false},"excerpt":{"rendered":"<p>L\u2019Association Les Locales (CNRA et SNRL), repr\u00e9sentant les radios associatives fran\u00e7aises, exprime son plein soutien aux radios priv\u00e9es commerciales face<\/p>\n","protected":false},"author":2,"featured_media":80,"comment_status":"closed","ping_status":"","sticky":false,"template":"","format":"standard","meta":{"colormag_page_container_layout":"default_layout","colormag_page_sidebar_layout":"default_layout","footnotes":""},"categories":[4,5],"tags":[22,24,23],"class_list":["post-256","post","type-post","status-publish","format-standard","has-post-thumbnail","hentry","category-a-la-une","category-actualites","tag-communique","tag-publicite","tag-radios-commerciales"],"_links":{"self":[{"href":"https:\/\/leslocales.fr\/index.php\/wp-json\/wp\/v2\/posts\/256","targetHints":{"allow":["GET"]}}],"collection":[{"href":"https:\/\/leslocales.fr\/index.php\/wp-json\/wp\/v2\/posts"}],"about":[{"href":"https:\/\/leslocales.fr\/index.php\/wp-json\/wp\/v2\/types\/post"}],"author":[{"embeddable":true,"href":"https:\/\/leslocales.fr\/index.php\/wp-json\/wp\/v2\/users\/2"}],"replies":[{"embeddable":true,"href":"https:\/\/leslocales.fr\/index.php\/wp-json\/wp\/v2\/comments?post=256"}],"version-history":[{"count":1,"href":"https:\/\/leslocales.fr\/index.php\/wp-json\/wp\/v2\/posts\/256\/revisions"}],"predecessor-version":[{"id":257,"href":"https:\/\/leslocales.fr\/index.php\/wp-json\/wp\/v2\/posts\/256\/revisions\/257"}],"wp:featuredmedia":[{"embeddable":true,"href":"https:\/\/leslocales.fr\/index.php\/wp-json\/wp\/v2\/media\/80"}],"wp:attachment":[{"href":"https:\/\/leslocales.fr\/index.php\/wp-json\/wp\/v2\/media?parent=256"}],"wp:term":[{"taxonomy":"category","embeddable":true,"href":"https:\/\/leslocales.fr\/index.php\/wp-json\/wp\/v2\/categories?post=256"},{"taxonomy":"post_tag","embeddable":true,"href":"https:\/\/leslocales.fr\/index.php\/wp-json\/wp\/v2\/tags?post=256"}],"curies":[{"name":"wp","href":"https:\/\/api.w.org\/{rel}","templated":true}]}}