{"id":238,"date":"2025-11-27T17:32:07","date_gmt":"2025-11-27T16:32:07","guid":{"rendered":"https:\/\/leslocales.fr\/?p=238"},"modified":"2025-11-27T17:32:07","modified_gmt":"2025-11-27T16:32:07","slug":"plf-2026-fser-le-risque-dun-choc-social-pour-le-media-radio","status":"publish","type":"post","link":"https:\/\/leslocales.fr\/index.php\/2025\/11\/27\/plf-2026-fser-le-risque-dun-choc-social-pour-le-media-radio\/","title":{"rendered":"PLF 2026-FSER : LE RISQUE D\u2019UN CHOC SOCIAL POUR LE M\u00c9DIA RADIO"},"content":{"rendered":"\n<p><em>Les <strong>organisations paritaires de la radiodiffusion \u2014 Les Locales<\/strong> (CNRA &amp; SNRL), la <strong>F\u00e9d\u00e9ration des Employeurs de la Radiodiffusion Priv\u00e9e<\/strong> (SIRTI, SRN, SRGP, SNRC), ainsi que les o<strong>rganisations syndicales de salari\u00e9s <\/strong>(CGT-Audiovisuel, CFDT-F3C, FO-M\u00e9dias, Solidaires) \u2014 sont oppos\u00e9s \u00e0 la baisse de 44 % du Fonds de Soutien \u00e0 l\u2019Expression Radiophonique (FSER) pr\u00e9vue dans le Projet de Loi de Finances 2026 et tiennent \u00e0 alerter de ses cons\u00e9quences sociales majeures si elle devait \u00eatre adopt\u00e9e.<\/em><\/p>\n\n\n\n<p><strong>Une menace directe sur l\u2019emploi et la coh\u00e9sion sociale<\/strong><\/p>\n\n\n\n<p>Cette coupe budg\u00e9taire sans pr\u00e9c\u00e9dent met en p\u00e9ril&nbsp;<strong>pr\u00e8s de 3 000 emplois directs et indirects<\/strong>&nbsp;au sein de plus de&nbsp;<strong>700 radios associatives<\/strong>.<\/p>\n\n\n\n<p>Derri\u00e8re ces chiffres, ce sont des&nbsp;<strong>femmes et des hommes<\/strong>&nbsp;qui font vivre chaque jour&nbsp;<strong>le m\u00e9dia radio et le pluralisme de l\u2019audiovisuel<\/strong>.<\/p>\n\n\n\n<p>Ces structures, qui emploient souvent&nbsp;<strong>2 \u00e0 3 salari\u00e9s<\/strong>, constituent de v\u00e9ritables&nbsp;<strong>espaces de formation, d\u2019expression et d\u2019inclusion<\/strong>&nbsp;pour des milliers de personnes.<br>Leur fragilisation signifierait la disparition d\u2019emplois durables,&nbsp;<strong>ancr\u00e9s au c\u0153ur des territoires, en m\u00e9tropole comme en outre-mer<\/strong>.<\/p>\n\n\n\n<p><strong>Des lieux d\u2019apprentissage indispensables \u00e0 l\u2019ensemble du secteur<\/strong><\/p>\n\n\n\n<p>Les radios associatives offrent \u00e0 de nombreux&nbsp;<strong>jeunes, b\u00e9n\u00e9voles et salari\u00e9s<\/strong>&nbsp;leurs&nbsp;<strong>premi\u00e8res exp\u00e9riences professionnelles<\/strong>. Elles transmettent les&nbsp;<strong>valeurs du collectif, de la rigueur et de la parole publique<\/strong>, tout en formant aux&nbsp;<strong>m\u00e9tiers techniques et \u00e9ditoriaux<\/strong>&nbsp;qui font vivre la radio dans toutes ses composantes.<\/p>\n\n\n\n<p>Elles sont ainsi indispensables \u00e0 l\u2019ensemble du secteur radiophonique, en assurant le renouvellement des comp\u00e9tences, la d\u00e9couverte de la radio et du son, ainsi que l\u2019\u00e9ducation aux m\u00e9dias pour de nouvelles g\u00e9n\u00e9rations.<\/p>\n\n\n\n<p><strong>Un appel \u00e0 la responsabilit\u00e9 sociale<\/strong><\/p>\n\n\n\n<p>Les organisations paritaires de la radiodiffusion r\u00e9affirment leur&nbsp;<strong>soutien plein et entier<\/strong>&nbsp;\u00e0 la CNRA et au SNRL. Elles appellent le&nbsp;<strong>Gouvernement et le Parlement<\/strong>&nbsp;\u00e0&nbsp;<strong>revenir sur cette d\u00e9cision injuste et socialement d\u00e9vastatrice<\/strong>, et \u00e0&nbsp;<strong>ouvrir sans d\u00e9lai un dialogue<\/strong>&nbsp;avec les repr\u00e9sentants du secteur.<\/p>\n\n\n\n<p>Pr\u00e9server le FSER, c\u2019est :<\/p>\n\n\n\n<ul class=\"wp-block-list\">\n<li>prot\u00e9ger&nbsp;<strong>un mod\u00e8le d\u2019expression collective unique en France<\/strong>.<\/li>\n\n\n\n<li>sauvegarder&nbsp;<strong>des milliers d\u2019emplois non d\u00e9localisables<\/strong>&nbsp;;<\/li>\n\n\n\n<li>maintenir&nbsp;<strong>le r\u00f4le social, \u00e9ducatif et formateur<\/strong>&nbsp;des radios associatives ;<\/li>\n<\/ul>\n\n\n\n<div data-wp-interactive=\"core\/file\" class=\"wp-block-file\"><object data-wp-bind--hidden=\"!state.hasPdfPreview\" hidden class=\"wp-block-file__embed\" data=\"https:\/\/cnra.fr\/wp-content\/uploads\/2025\/11\/Communique-orgas-paritaires-radiodiffusion-privee-1.pdf\" type=\"application\/pdf\" style=\"width:100%;height:600px\" aria-label=\"Contenu embarqu\u00e9 Communiqu\u00e9 orgas paritaires radiodiffusion priv\u00e9e.\"><\/object><a id=\"wp-block-file--media-7056faed-e5cd-4421-8353-adedef75084d\" href=\"https:\/\/cnra.fr\/wp-content\/uploads\/2025\/11\/Communique-orgas-paritaires-radiodiffusion-privee-1.pdf\">Communiqu\u00e9 orgas paritaires radiodiffusion priv\u00e9e<\/a><a href=\"https:\/\/cnra.fr\/wp-content\/uploads\/2025\/11\/Communique-orgas-paritaires-radiodiffusion-privee-1.pdf\" class=\"wp-block-file__button wp-element-button\" download aria-describedby=\"wp-block-file--media-7056faed-e5cd-4421-8353-adedef75084d\">T\u00e9l\u00e9charger<\/a><\/div>\n","protected":false},"excerpt":{"rendered":"<p>Les organisations paritaires de la radiodiffusion \u2014 Les Locales (CNRA &amp; SNRL), la F\u00e9d\u00e9ration des Employeurs de la Radiodiffusion Priv\u00e9e<\/p>\n","protected":false},"author":2,"featured_media":239,"comment_status":"closed","ping_status":"","sticky":false,"template":"","format":"standard","meta":{"colormag_page_container_layout":"default_layout","colormag_page_sidebar_layout":"default_layout","footnotes":""},"categories":[4,5,6],"tags":[17,16,15],"class_list":["post-238","post","type-post","status-publish","format-standard","has-post-thumbnail","hentry","category-a-la-une","category-actualites","category-financements","tag-budget","tag-fser","tag-plf-2026"],"_links":{"self":[{"href":"https:\/\/leslocales.fr\/index.php\/wp-json\/wp\/v2\/posts\/238","targetHints":{"allow":["GET"]}}],"collection":[{"href":"https:\/\/leslocales.fr\/index.php\/wp-json\/wp\/v2\/posts"}],"about":[{"href":"https:\/\/leslocales.fr\/index.php\/wp-json\/wp\/v2\/types\/post"}],"author":[{"embeddable":true,"href":"https:\/\/leslocales.fr\/index.php\/wp-json\/wp\/v2\/users\/2"}],"replies":[{"embeddable":true,"href":"https:\/\/leslocales.fr\/index.php\/wp-json\/wp\/v2\/comments?post=238"}],"version-history":[{"count":1,"href":"https:\/\/leslocales.fr\/index.php\/wp-json\/wp\/v2\/posts\/238\/revisions"}],"predecessor-version":[{"id":240,"href":"https:\/\/leslocales.fr\/index.php\/wp-json\/wp\/v2\/posts\/238\/revisions\/240"}],"wp:featuredmedia":[{"embeddable":true,"href":"https:\/\/leslocales.fr\/index.php\/wp-json\/wp\/v2\/media\/239"}],"wp:attachment":[{"href":"https:\/\/leslocales.fr\/index.php\/wp-json\/wp\/v2\/media?parent=238"}],"wp:term":[{"taxonomy":"category","embeddable":true,"href":"https:\/\/leslocales.fr\/index.php\/wp-json\/wp\/v2\/categories?post=238"},{"taxonomy":"post_tag","embeddable":true,"href":"https:\/\/leslocales.fr\/index.php\/wp-json\/wp\/v2\/tags?post=238"}],"curies":[{"name":"wp","href":"https:\/\/api.w.org\/{rel}","templated":true}]}}