{"id":228,"date":"2025-11-13T13:20:56","date_gmt":"2025-11-13T12:20:56","guid":{"rendered":"https:\/\/leslocales.fr\/?p=228"},"modified":"2025-11-13T14:51:07","modified_gmt":"2025-11-13T13:51:07","slug":"plf-2026-les-radios-associatives-appellent-a-la-responsabilite-politique","status":"publish","type":"post","link":"https:\/\/leslocales.fr\/index.php\/2025\/11\/13\/plf-2026-les-radios-associatives-appellent-a-la-responsabilite-politique\/","title":{"rendered":"PLF 2026 : Les radios associatives appellent \u00e0 la responsabilit\u00e9 politique"},"content":{"rendered":"\n<p>\u00c0 l\u2019issue d\u2019une rencontre tenue ce jour avec <strong>Marine Tondelier<\/strong>, secr\u00e9taire nationale des \u00c9cologistes, candidate officielle \u00e0 l\u2019\u00e9lection pr\u00e9sidentielle, <strong>Les Locales<\/strong> (CNRA et SNRL) r\u00e9affirment leur <strong>d\u00e9termination \u00e0 pr\u00e9server le Fonds de Soutien \u00e0 l\u2019Expression Radiophonique (FSER)<\/strong>, menac\u00e9 par une baisse historique de <strong>44,5 %<\/strong> dans l<strong>e Projet de Loi de Finances 2026.<\/strong><\/p>\n\n\n\n<p>Cette rencontre s\u2019inscrit dans la continuit\u00e9 d\u2019une nouvelle mobilisation nationale des radios associatives, qui alertent depuis plusieurs semaines sur les cons\u00e9quences sociales, culturelles et d\u00e9mocratiques d\u2019une telle coupe budg\u00e9taire.<\/p>\n\n\n\n<p><strong>Un signal d\u2019alerte pour le pluralisme et la d\u00e9mocratie locale<\/strong><\/p>\n\n\n\n<p>Les Locales ont rappel\u00e9 \u00e0 la candidate l\u2019importance du FSER comme outil essentiel de coh\u00e9sion sociale, culturelle et territoriale, garant de l\u2019\u00e9galit\u00e9 d\u2019acc\u00e8s \u00e0 la parole publique sur tous les territoires.Elles ont \u00e9galement insist\u00e9 sur la n\u00e9cessit\u00e9 de s\u00e9curiser durablement ce fonds, pour \u00e9viter qu\u2019il ne devienne une variable d\u2019ajustement des arbitrages minist\u00e9riels.<\/p>\n\n\n\n<p><strong>Alors que la Commission des finances de l\u2019Assembl\u00e9e Nationale a adopt\u00e9 le vendredi 7 novembre un amendement de r\u00e9tablissement du FSER \u00e0 son niveau de 2024<\/strong><strong> <\/strong>venant confirmer celui vot\u00e9 le 29 octobre par la Commission des affaires culturelles et de l\u2019\u00e9ducation, <strong>les Locales appellent l\u2019ensemble des forces politiques \u00e0 poursuivre cet effort collectif et \u00e0 transformer ces avanc\u00e9es parlementaires en engagements budg\u00e9taires fermes.&nbsp;<\/strong><\/p>\n\n\n\n<p>R\u00e9duire le FSER de pr\u00e8s de la moiti\u00e9, c\u2019est affaiblir la d\u00e9mocratie locale et fragiliser la diversit\u00e9 m\u00e9diatique au moment m\u00eame o\u00f9 la soci\u00e9t\u00e9 a besoin de voix libres, ind\u00e9pendantes et ancr\u00e9es dans les territoires. S\u00e9curiser son financement, c\u2019est d\u00e9fendre le pluralisme radiophonique et m\u00e9diatique, la coh\u00e9sion sociale et la vitalit\u00e9 culturelle de notre pays.<\/p>\n\n\n\n<p><strong>Appel aux candidats et forces politiques<\/strong><\/p>\n\n\n\n<p>Les Locales appellent ainsi l\u2019ensemble des les formations politiques \u00e0 prendre position clairement sur la p\u00e9rennisation du FSER et sur leur vision du pluralisme m\u00e9diatique, de la d\u00e9centralisation de l\u2019information et du r\u00f4le des m\u00e9dias d\u2019int\u00e9r\u00eat g\u00e9n\u00e9ral.<\/p>\n\n\n\n<p>Leurs repr\u00e9sentants des Locales invitent donc l\u2019ensemble des responsables politiques et leurs \u00e9quipes \u00e0 les rencontrer pour \u00e9changer sur ces enjeux essentiels \u00e0 la d\u00e9mocratie fran\u00e7aise. Les radios associatives repr\u00e9sentent une richesse culturelle fran\u00e7aise inali\u00e9nable qu\u2019il s\u2019agit de pr\u00e9server pour l\u2019avenir.<\/p>\n\n\n\n<div class=\"wp-block-buttons is-content-justification-center is-layout-flex wp-container-core-buttons-is-layout-a89b3969 wp-block-buttons-is-layout-flex\">\n<div class=\"wp-block-button\"><a class=\"wp-block-button__link wp-element-button\" href=\"https:\/\/leslocales.fr\/wp-content\/uploads\/2025\/11\/Communique-Presse_Les-Locales_Rencontre_2025-11-13-1.pdf-1.pdf\">T\u00e9l\u00e9charger le communiqu\u00e9<\/a><\/div>\n<\/div>\n\n\n\n<div class=\"wp-block-group is-layout-constrained wp-block-group-is-layout-constrained\">\n<p class=\"has-text-align-center\"><strong><em>Contact Presse&nbsp;:<\/em><\/strong><br><a href=\"mailto:contact@snrl.fr\"><em>contact@snrl.fr<\/em><\/a><br><a href=\"mailto:contact@cnra.eu\"><em>contact@cnra.eu<\/em><\/a><br><em>Jean-Marc COURREGES-CENAC &#8211;&nbsp; CNRA \u2013 Co-pr\u00e9sident des Locales&nbsp;: 06.83.80.01.90<\/em><br><em>Sylvain DELFAU \u2013 SNRL\u2013 Co-pr\u00e9sident des Locales&nbsp;: 06.16.04.13.54<\/em><\/p>\n<\/div>\n\n\n\n<p><\/p>\n","protected":false},"excerpt":{"rendered":"<p>\u00c0 l\u2019issue d\u2019une rencontre tenue ce jour avec Marine Tondelier, secr\u00e9taire nationale des \u00c9cologistes, candidate officielle \u00e0 l\u2019\u00e9lection pr\u00e9sidentielle, Les<\/p>\n","protected":false},"author":2,"featured_media":80,"comment_status":"closed","ping_status":"","sticky":false,"template":"","format":"standard","meta":{"colormag_page_container_layout":"default_layout","colormag_page_sidebar_layout":"default_layout","footnotes":""},"categories":[4,5],"tags":[17,16,15,20],"class_list":["post-228","post","type-post","status-publish","format-standard","has-post-thumbnail","hentry","category-a-la-une","category-actualites","tag-budget","tag-fser","tag-plf-2026","tag-radios-associatives"],"_links":{"self":[{"href":"https:\/\/leslocales.fr\/index.php\/wp-json\/wp\/v2\/posts\/228","targetHints":{"allow":["GET"]}}],"collection":[{"href":"https:\/\/leslocales.fr\/index.php\/wp-json\/wp\/v2\/posts"}],"about":[{"href":"https:\/\/leslocales.fr\/index.php\/wp-json\/wp\/v2\/types\/post"}],"author":[{"embeddable":true,"href":"https:\/\/leslocales.fr\/index.php\/wp-json\/wp\/v2\/users\/2"}],"replies":[{"embeddable":true,"href":"https:\/\/leslocales.fr\/index.php\/wp-json\/wp\/v2\/comments?post=228"}],"version-history":[{"count":2,"href":"https:\/\/leslocales.fr\/index.php\/wp-json\/wp\/v2\/posts\/228\/revisions"}],"predecessor-version":[{"id":234,"href":"https:\/\/leslocales.fr\/index.php\/wp-json\/wp\/v2\/posts\/228\/revisions\/234"}],"wp:featuredmedia":[{"embeddable":true,"href":"https:\/\/leslocales.fr\/index.php\/wp-json\/wp\/v2\/media\/80"}],"wp:attachment":[{"href":"https:\/\/leslocales.fr\/index.php\/wp-json\/wp\/v2\/media?parent=228"}],"wp:term":[{"taxonomy":"category","embeddable":true,"href":"https:\/\/leslocales.fr\/index.php\/wp-json\/wp\/v2\/categories?post=228"},{"taxonomy":"post_tag","embeddable":true,"href":"https:\/\/leslocales.fr\/index.php\/wp-json\/wp\/v2\/tags?post=228"}],"curies":[{"name":"wp","href":"https:\/\/api.w.org\/{rel}","templated":true}]}}